		
		{"items":"\t\t\t<link rel=\"stylesheet\" id=\"wd-photoswipe-css\" href=\"https:\/\/ecosolaris.ro\/wp-content\/themes\/woodmart\/css\/parts\/lib-photoswipe.min.css?ver=7.4.3\" type=\"text\/css\" media=\"all\" \/> \t\t\t\t\t\t<link rel=\"stylesheet\" id=\"wd-project-text-hover-css\" href=\"https:\/\/ecosolaris.ro\/wp-content\/themes\/woodmart\/css\/parts\/project-text-hover.min.css?ver=7.4.3\" type=\"text\/css\" media=\"all\" \/> \t\t\t\n\t\t\n\t\t\n\t\t\t\t\t\t\t\t\n<article id=\"post-26351\" class=\"wd-project portfolio-entry wd-col masonry-item portfolio-hover proj-cat-sisteme-fotovoltaice post-26351 portfolio type-portfolio status-publish has-post-thumbnail hentry project-cat-sisteme-fotovoltaice\">\n\t<header class=\"entry-header\">\n\t\t\t\t\t<figure class=\"entry-thumbnail color-scheme-light\">\n\t\t\t\t<a href=\"https:\/\/ecosolaris.ro\/portfolio\/sistem-fotovoltaic-micro-grid-15-kwp-2\/\" class=\"portfolio-thumbnail\">\n\t\t\t\t\t<img width=\"1067\" height=\"800\" src=\"https:\/\/ecosolaris.ro\/wp-content\/uploads\/2025\/05\/panouri-bauer-ecosolaris-1067x800.jpeg\" class=\"attachment-large size-large\" alt=\"Micro-grid-urile sunt ideale pentru zonele cu acces limitat la reteaua electrica sau pentru cei care doresc independenta energetica.\" decoding=\"async\" srcset=\"https:\/\/ecosolaris.ro\/wp-content\/uploads\/2025\/05\/panouri-bauer-ecosolaris-1067x800.jpeg 1067w, https:\/\/ecosolaris.ro\/wp-content\/uploads\/2025\/05\/panouri-bauer-ecosolaris-400x300.jpeg 400w, https:\/\/ecosolaris.ro\/wp-content\/uploads\/2025\/05\/panouri-bauer-ecosolaris-768x576.jpeg 768w, https:\/\/ecosolaris.ro\/wp-content\/uploads\/2025\/05\/panouri-bauer-ecosolaris-1536x1152.jpeg 1536w, https:\/\/ecosolaris.ro\/wp-content\/uploads\/2025\/05\/panouri-bauer-ecosolaris-700x525.jpeg 700w, https:\/\/ecosolaris.ro\/wp-content\/uploads\/2025\/05\/panouri-bauer-ecosolaris-150x113.jpeg 150w, https:\/\/ecosolaris.ro\/wp-content\/uploads\/2025\/05\/panouri-bauer-ecosolaris.jpeg 2000w\" sizes=\"(max-width: 1067px) 100vw, 1067px\" \/>\t\t\t\t<\/a>\n\t\t\t\t<div class=\"wd-portfolio-btns\">\n\t\t\t\t\t<div class=\"portfolio-enlarge wd-action-btn wd-style-icon wd-enlarge-icon wd-tltp wd-tltp-left\">\n\t\t\t\t\t\t<a href=\"https:\/\/ecosolaris.ro\/wp-content\/uploads\/2025\/05\/panouri-bauer-ecosolaris.jpeg\" data-elementor-open-lightbox=\"no\">View Large<\/a>\n\t\t\t\t\t<\/div>\n\t\t\t\t\t\t\t\t\t\t\t<div class=\"social-icons-wrapper wd-action-btn wd-style-icon wd-share-icon wd-tltp wd-tltp-left\">\n\t\t\t\t\t\t\t<a><\/a>\n\t\t\t\t\t\t\t<div class=\"wd-tooltip-label\">\n\t\t\t\t\t\t\t\t\t\t\t<link rel=\"stylesheet\" id=\"wd-social-icons-css\" href=\"https:\/\/ecosolaris.ro\/wp-content\/themes\/woodmart\/css\/parts\/el-social-icons.min.css?ver=7.4.3\" type=\"text\/css\" media=\"all\" \/> \t\t\t\n\t\t\t<div class=\" wd-social-icons icons-design-default icons-size-small color-scheme-light social-share social-form-circle text-center\">\n\n\t\t\t\t\n\t\t\t\t\t\t\t\t\t<a rel=\"noopener noreferrer nofollow\" href=\"https:\/\/www.facebook.com\/sharer\/sharer.php?u=https:\/\/ecosolaris.ro\/portfolio\/sistem-fotovoltaic-micro-grid-15-kwp-2\/\" target=\"_blank\" class=\" wd-social-icon social-facebook\" aria-label=\"Facebook social link\">\n\t\t\t\t\t\t<span class=\"wd-icon\"><\/span>\n\t\t\t\t\t\t\t\t\t\t\t<\/a>\n\t\t\t\t\n\t\t\t\t\t\t\t\t\t<a rel=\"noopener noreferrer nofollow\" href=\"https:\/\/x.com\/share?url=https:\/\/ecosolaris.ro\/portfolio\/sistem-fotovoltaic-micro-grid-15-kwp-2\/\" target=\"_blank\" class=\" wd-social-icon social-twitter\" aria-label=\"X social link\">\n\t\t\t\t\t\t<span class=\"wd-icon\"><\/span>\n\t\t\t\t\t\t\t\t\t\t\t<\/a>\n\t\t\t\t\n\t\t\t\t\n\t\t\t\t\n\t\t\t\t\n\t\t\t\t\t\t\t\t\t<a rel=\"noopener noreferrer nofollow\" href=\"https:\/\/pinterest.com\/pin\/create\/button\/?url=https:\/\/ecosolaris.ro\/portfolio\/sistem-fotovoltaic-micro-grid-15-kwp-2\/&media=https:\/\/ecosolaris.ro\/wp-content\/uploads\/2025\/05\/panouri-bauer-ecosolaris.jpeg&description=Sistem+fotovoltaic+Micro-Grid+15+kWp\" target=\"_blank\" class=\" wd-social-icon social-pinterest\" aria-label=\"Pinterest social link\">\n\t\t\t\t\t\t<span class=\"wd-icon\"><\/span>\n\t\t\t\t\t\t\t\t\t\t\t<\/a>\n\t\t\t\t\n\t\t\t\t\n\t\t\t\t\t\t\t\t\t<a rel=\"noopener noreferrer nofollow\" href=\"https:\/\/www.linkedin.com\/shareArticle?mini=true&url=https:\/\/ecosolaris.ro\/portfolio\/sistem-fotovoltaic-micro-grid-15-kwp-2\/\" target=\"_blank\" class=\" wd-social-icon social-linkedin\" aria-label=\"Linkedin social link\">\n\t\t\t\t\t\t<span class=\"wd-icon\"><\/span>\n\t\t\t\t\t\t\t\t\t\t\t<\/a>\n\t\t\t\t\n\t\t\t\t\n\t\t\t\t\n\t\t\t\t\n\t\t\t\t\n\t\t\t\t\n\t\t\t\t\n\t\t\t\t\n\t\t\t\t\n\t\t\t\t\n\t\t\t\t\t\t\t\t\n\t\t\t\t\t\t\t\t\n\t\t\t\t\n\t\t\t\t\n\t\t\t\t\t\t\t\t\t<a rel=\"noopener noreferrer nofollow\" href=\"https:\/\/telegram.me\/share\/url?url=https:\/\/ecosolaris.ro\/portfolio\/sistem-fotovoltaic-micro-grid-15-kwp-2\/\" target=\"_blank\" class=\" wd-social-icon social-tg\" aria-label=\"Telegram social link\">\n\t\t\t\t\t\t<span class=\"wd-icon\"><\/span>\n\t\t\t\t\t\t\t\t\t\t\t<\/a>\n\t\t\t\t\t\t\t\t\n\t\t\t\t\n\t\t\t<\/div>\n\n\t\t\t\t\t\t\t\t\t<\/div>\n\t\t\t\t\t\t<\/div>\n\t\t\t\t\t\t\t\t\t<\/div>\n\t\t\t<\/figure>\n\t\t\n\t\t<div class=\"portfolio-info color-scheme-light\">\n\t\t\t\t\t\t\t<div class=\"wrap-meta\">\n\t\t\t\t\t<ul class=\"proj-cats-list\">\n\t\t\t\t\t\t\t\t\t\t\t\t\t\t\t\t\t\t\t\t<li>Sisteme Fotovoltaice<\/li>\n\t\t\t\t\t\t\t\t\t\t\t<\/ul>\n\t\t\t\t<\/div>\n\t\t\t\n\t\t\t<div class=\"wrap-title\">\n\t\t\t\t<h3 class=\"wd-entities-title\">\n\t\t\t\t\t<a href=\"https:\/\/ecosolaris.ro\/portfolio\/sistem-fotovoltaic-micro-grid-15-kwp-2\/\" rel=\"bookmark\">Sistem fotovoltaic Micro-Grid 15 kWp<\/a>\n\t\t\t\t<\/h3>\n\t\t\t<\/div>\n\t\t<\/div>\n\t<\/header>\n<\/article>\n\t\t\t\t\t\t\t\t\n<article id=\"post-26339\" class=\"wd-project portfolio-entry wd-col masonry-item portfolio-hover proj-cat-sisteme-fotovoltaice post-26339 portfolio type-portfolio status-publish has-post-thumbnail hentry project-cat-sisteme-fotovoltaice\">\n\t<header class=\"entry-header\">\n\t\t\t\t\t<figure class=\"entry-thumbnail color-scheme-light\">\n\t\t\t\t<a href=\"https:\/\/ecosolaris.ro\/portfolio\/sistem-fotovoltaic-micro-grid-14-kwp-2\/\" class=\"portfolio-thumbnail\">\n\t\t\t\t\t<img width=\"1300\" height=\"731\" src=\"https:\/\/ecosolaris.ro\/wp-content\/uploads\/2025\/05\/sistem-fotovoltaic-industrial-ecosolaris-1300x731.jpeg\" class=\"attachment-large size-large\" alt=\"importanta sistemelor fotovoltaice in productie\" decoding=\"async\" srcset=\"https:\/\/ecosolaris.ro\/wp-content\/uploads\/2025\/05\/sistem-fotovoltaic-industrial-ecosolaris-1300x731.jpeg 1300w, https:\/\/ecosolaris.ro\/wp-content\/uploads\/2025\/05\/sistem-fotovoltaic-industrial-ecosolaris-400x225.jpeg 400w, https:\/\/ecosolaris.ro\/wp-content\/uploads\/2025\/05\/sistem-fotovoltaic-industrial-ecosolaris-768x432.jpeg 768w, https:\/\/ecosolaris.ro\/wp-content\/uploads\/2025\/05\/sistem-fotovoltaic-industrial-ecosolaris-1536x864.jpeg 1536w, https:\/\/ecosolaris.ro\/wp-content\/uploads\/2025\/05\/sistem-fotovoltaic-industrial-ecosolaris-700x394.jpeg 700w, https:\/\/ecosolaris.ro\/wp-content\/uploads\/2025\/05\/sistem-fotovoltaic-industrial-ecosolaris-150x84.jpeg 150w, https:\/\/ecosolaris.ro\/wp-content\/uploads\/2025\/05\/sistem-fotovoltaic-industrial-ecosolaris.jpeg 1600w\" sizes=\"(max-width: 1300px) 100vw, 1300px\" \/>\t\t\t\t<\/a>\n\t\t\t\t<div class=\"wd-portfolio-btns\">\n\t\t\t\t\t<div class=\"portfolio-enlarge wd-action-btn wd-style-icon wd-enlarge-icon wd-tltp wd-tltp-left\">\n\t\t\t\t\t\t<a href=\"https:\/\/ecosolaris.ro\/wp-content\/uploads\/2025\/05\/sistem-fotovoltaic-industrial-ecosolaris.jpeg\" data-elementor-open-lightbox=\"no\">View Large<\/a>\n\t\t\t\t\t<\/div>\n\t\t\t\t\t\t\t\t\t\t\t<div class=\"social-icons-wrapper wd-action-btn wd-style-icon wd-share-icon wd-tltp wd-tltp-left\">\n\t\t\t\t\t\t\t<a><\/a>\n\t\t\t\t\t\t\t<div class=\"wd-tooltip-label\">\n\t\t\t\t\t\t\t\t\n\t\t\t<div class=\" wd-social-icons icons-design-default icons-size-small color-scheme-light social-share social-form-circle text-center\">\n\n\t\t\t\t\n\t\t\t\t\t\t\t\t\t<a rel=\"noopener noreferrer nofollow\" href=\"https:\/\/www.facebook.com\/sharer\/sharer.php?u=https:\/\/ecosolaris.ro\/portfolio\/sistem-fotovoltaic-micro-grid-14-kwp-2\/\" target=\"_blank\" class=\" wd-social-icon social-facebook\" aria-label=\"Facebook social link\">\n\t\t\t\t\t\t<span class=\"wd-icon\"><\/span>\n\t\t\t\t\t\t\t\t\t\t\t<\/a>\n\t\t\t\t\n\t\t\t\t\t\t\t\t\t<a rel=\"noopener noreferrer nofollow\" href=\"https:\/\/x.com\/share?url=https:\/\/ecosolaris.ro\/portfolio\/sistem-fotovoltaic-micro-grid-14-kwp-2\/\" target=\"_blank\" class=\" wd-social-icon social-twitter\" aria-label=\"X social link\">\n\t\t\t\t\t\t<span class=\"wd-icon\"><\/span>\n\t\t\t\t\t\t\t\t\t\t\t<\/a>\n\t\t\t\t\n\t\t\t\t\n\t\t\t\t\n\t\t\t\t\n\t\t\t\t\t\t\t\t\t<a rel=\"noopener noreferrer nofollow\" href=\"https:\/\/pinterest.com\/pin\/create\/button\/?url=https:\/\/ecosolaris.ro\/portfolio\/sistem-fotovoltaic-micro-grid-14-kwp-2\/&media=https:\/\/ecosolaris.ro\/wp-content\/uploads\/2025\/05\/sistem-fotovoltaic-industrial-ecosolaris.jpeg&description=Sistem+fotovoltaic+Micro-Grid+14+kWp\" target=\"_blank\" class=\" wd-social-icon social-pinterest\" aria-label=\"Pinterest social link\">\n\t\t\t\t\t\t<span class=\"wd-icon\"><\/span>\n\t\t\t\t\t\t\t\t\t\t\t<\/a>\n\t\t\t\t\n\t\t\t\t\n\t\t\t\t\t\t\t\t\t<a rel=\"noopener noreferrer nofollow\" href=\"https:\/\/www.linkedin.com\/shareArticle?mini=true&url=https:\/\/ecosolaris.ro\/portfolio\/sistem-fotovoltaic-micro-grid-14-kwp-2\/\" target=\"_blank\" class=\" wd-social-icon social-linkedin\" aria-label=\"Linkedin social link\">\n\t\t\t\t\t\t<span class=\"wd-icon\"><\/span>\n\t\t\t\t\t\t\t\t\t\t\t<\/a>\n\t\t\t\t\n\t\t\t\t\n\t\t\t\t\n\t\t\t\t\n\t\t\t\t\n\t\t\t\t\n\t\t\t\t\n\t\t\t\t\n\t\t\t\t\n\t\t\t\t\n\t\t\t\t\t\t\t\t\n\t\t\t\t\t\t\t\t\n\t\t\t\t\n\t\t\t\t\n\t\t\t\t\t\t\t\t\t<a rel=\"noopener noreferrer nofollow\" href=\"https:\/\/telegram.me\/share\/url?url=https:\/\/ecosolaris.ro\/portfolio\/sistem-fotovoltaic-micro-grid-14-kwp-2\/\" target=\"_blank\" class=\" wd-social-icon social-tg\" aria-label=\"Telegram social link\">\n\t\t\t\t\t\t<span class=\"wd-icon\"><\/span>\n\t\t\t\t\t\t\t\t\t\t\t<\/a>\n\t\t\t\t\t\t\t\t\n\t\t\t\t\n\t\t\t<\/div>\n\n\t\t\t\t\t\t\t\t\t<\/div>\n\t\t\t\t\t\t<\/div>\n\t\t\t\t\t\t\t\t\t<\/div>\n\t\t\t<\/figure>\n\t\t\n\t\t<div class=\"portfolio-info color-scheme-light\">\n\t\t\t\t\t\t\t<div class=\"wrap-meta\">\n\t\t\t\t\t<ul class=\"proj-cats-list\">\n\t\t\t\t\t\t\t\t\t\t\t\t\t\t\t\t\t\t\t\t<li>Sisteme Fotovoltaice<\/li>\n\t\t\t\t\t\t\t\t\t\t\t<\/ul>\n\t\t\t\t<\/div>\n\t\t\t\n\t\t\t<div class=\"wrap-title\">\n\t\t\t\t<h3 class=\"wd-entities-title\">\n\t\t\t\t\t<a href=\"https:\/\/ecosolaris.ro\/portfolio\/sistem-fotovoltaic-micro-grid-14-kwp-2\/\" rel=\"bookmark\">Sistem fotovoltaic Micro-Grid 14 kWp<\/a>\n\t\t\t\t<\/h3>\n\t\t\t<\/div>\n\t\t<\/div>\n\t<\/header>\n<\/article>\n\t\t\t\t\t\t\t\t\n<article id=\"post-26331\" class=\"wd-project portfolio-entry wd-col masonry-item portfolio-hover proj-cat-sisteme-fotovoltaice post-26331 portfolio type-portfolio status-publish has-post-thumbnail hentry project-cat-sisteme-fotovoltaice\">\n\t<header class=\"entry-header\">\n\t\t\t\t\t<figure class=\"entry-thumbnail color-scheme-light\">\n\t\t\t\t<a href=\"https:\/\/ecosolaris.ro\/portfolio\/sistem-fotovoltaic-micro-grid-14-kwp\/\" class=\"portfolio-thumbnail\">\n\t\t\t\t\t<img width=\"1067\" height=\"800\" src=\"https:\/\/ecosolaris.ro\/wp-content\/uploads\/2025\/05\/sistem-ftovoltaic-panouri-solare-bauer-450-ecosolaris-1067x800.jpeg\" class=\"attachment-large size-large\" alt=\"\" decoding=\"async\" srcset=\"https:\/\/ecosolaris.ro\/wp-content\/uploads\/2025\/05\/sistem-ftovoltaic-panouri-solare-bauer-450-ecosolaris-1067x800.jpeg 1067w, https:\/\/ecosolaris.ro\/wp-content\/uploads\/2025\/05\/sistem-ftovoltaic-panouri-solare-bauer-450-ecosolaris-400x300.jpeg 400w, https:\/\/ecosolaris.ro\/wp-content\/uploads\/2025\/05\/sistem-ftovoltaic-panouri-solare-bauer-450-ecosolaris-768x576.jpeg 768w, https:\/\/ecosolaris.ro\/wp-content\/uploads\/2025\/05\/sistem-ftovoltaic-panouri-solare-bauer-450-ecosolaris-1536x1152.jpeg 1536w, https:\/\/ecosolaris.ro\/wp-content\/uploads\/2025\/05\/sistem-ftovoltaic-panouri-solare-bauer-450-ecosolaris-700x525.jpeg 700w, https:\/\/ecosolaris.ro\/wp-content\/uploads\/2025\/05\/sistem-ftovoltaic-panouri-solare-bauer-450-ecosolaris-150x113.jpeg 150w, https:\/\/ecosolaris.ro\/wp-content\/uploads\/2025\/05\/sistem-ftovoltaic-panouri-solare-bauer-450-ecosolaris.jpeg 2000w\" sizes=\"(max-width: 1067px) 100vw, 1067px\" \/>\t\t\t\t<\/a>\n\t\t\t\t<div class=\"wd-portfolio-btns\">\n\t\t\t\t\t<div class=\"portfolio-enlarge wd-action-btn wd-style-icon wd-enlarge-icon wd-tltp wd-tltp-left\">\n\t\t\t\t\t\t<a href=\"https:\/\/ecosolaris.ro\/wp-content\/uploads\/2025\/05\/sistem-ftovoltaic-panouri-solare-bauer-450-ecosolaris.jpeg\" data-elementor-open-lightbox=\"no\">View Large<\/a>\n\t\t\t\t\t<\/div>\n\t\t\t\t\t\t\t\t\t\t\t<div class=\"social-icons-wrapper wd-action-btn wd-style-icon wd-share-icon wd-tltp wd-tltp-left\">\n\t\t\t\t\t\t\t<a><\/a>\n\t\t\t\t\t\t\t<div class=\"wd-tooltip-label\">\n\t\t\t\t\t\t\t\t\n\t\t\t<div class=\" wd-social-icons icons-design-default icons-size-small color-scheme-light social-share social-form-circle text-center\">\n\n\t\t\t\t\n\t\t\t\t\t\t\t\t\t<a rel=\"noopener noreferrer nofollow\" href=\"https:\/\/www.facebook.com\/sharer\/sharer.php?u=https:\/\/ecosolaris.ro\/portfolio\/sistem-fotovoltaic-micro-grid-14-kwp\/\" target=\"_blank\" class=\" wd-social-icon social-facebook\" aria-label=\"Facebook social link\">\n\t\t\t\t\t\t<span class=\"wd-icon\"><\/span>\n\t\t\t\t\t\t\t\t\t\t\t<\/a>\n\t\t\t\t\n\t\t\t\t\t\t\t\t\t<a rel=\"noopener noreferrer nofollow\" href=\"https:\/\/x.com\/share?url=https:\/\/ecosolaris.ro\/portfolio\/sistem-fotovoltaic-micro-grid-14-kwp\/\" target=\"_blank\" class=\" wd-social-icon social-twitter\" aria-label=\"X social link\">\n\t\t\t\t\t\t<span class=\"wd-icon\"><\/span>\n\t\t\t\t\t\t\t\t\t\t\t<\/a>\n\t\t\t\t\n\t\t\t\t\n\t\t\t\t\n\t\t\t\t\n\t\t\t\t\t\t\t\t\t<a rel=\"noopener noreferrer nofollow\" href=\"https:\/\/pinterest.com\/pin\/create\/button\/?url=https:\/\/ecosolaris.ro\/portfolio\/sistem-fotovoltaic-micro-grid-14-kwp\/&media=https:\/\/ecosolaris.ro\/wp-content\/uploads\/2025\/05\/sistem-ftovoltaic-panouri-solare-bauer-450-ecosolaris.jpeg&description=Sistem+fotovoltaic+Micro-Grid+14+kWp\" target=\"_blank\" class=\" wd-social-icon social-pinterest\" aria-label=\"Pinterest social link\">\n\t\t\t\t\t\t<span class=\"wd-icon\"><\/span>\n\t\t\t\t\t\t\t\t\t\t\t<\/a>\n\t\t\t\t\n\t\t\t\t\n\t\t\t\t\t\t\t\t\t<a rel=\"noopener noreferrer nofollow\" href=\"https:\/\/www.linkedin.com\/shareArticle?mini=true&url=https:\/\/ecosolaris.ro\/portfolio\/sistem-fotovoltaic-micro-grid-14-kwp\/\" target=\"_blank\" class=\" wd-social-icon social-linkedin\" aria-label=\"Linkedin social link\">\n\t\t\t\t\t\t<span class=\"wd-icon\"><\/span>\n\t\t\t\t\t\t\t\t\t\t\t<\/a>\n\t\t\t\t\n\t\t\t\t\n\t\t\t\t\n\t\t\t\t\n\t\t\t\t\n\t\t\t\t\n\t\t\t\t\n\t\t\t\t\n\t\t\t\t\n\t\t\t\t\n\t\t\t\t\t\t\t\t\n\t\t\t\t\t\t\t\t\n\t\t\t\t\n\t\t\t\t\n\t\t\t\t\t\t\t\t\t<a rel=\"noopener noreferrer nofollow\" href=\"https:\/\/telegram.me\/share\/url?url=https:\/\/ecosolaris.ro\/portfolio\/sistem-fotovoltaic-micro-grid-14-kwp\/\" target=\"_blank\" class=\" wd-social-icon social-tg\" aria-label=\"Telegram social link\">\n\t\t\t\t\t\t<span class=\"wd-icon\"><\/span>\n\t\t\t\t\t\t\t\t\t\t\t<\/a>\n\t\t\t\t\t\t\t\t\n\t\t\t\t\n\t\t\t<\/div>\n\n\t\t\t\t\t\t\t\t\t<\/div>\n\t\t\t\t\t\t<\/div>\n\t\t\t\t\t\t\t\t\t<\/div>\n\t\t\t<\/figure>\n\t\t\n\t\t<div class=\"portfolio-info color-scheme-light\">\n\t\t\t\t\t\t\t<div class=\"wrap-meta\">\n\t\t\t\t\t<ul class=\"proj-cats-list\">\n\t\t\t\t\t\t\t\t\t\t\t\t\t\t\t\t\t\t\t\t<li>Sisteme Fotovoltaice<\/li>\n\t\t\t\t\t\t\t\t\t\t\t<\/ul>\n\t\t\t\t<\/div>\n\t\t\t\n\t\t\t<div class=\"wrap-title\">\n\t\t\t\t<h3 class=\"wd-entities-title\">\n\t\t\t\t\t<a href=\"https:\/\/ecosolaris.ro\/portfolio\/sistem-fotovoltaic-micro-grid-14-kwp\/\" rel=\"bookmark\">Sistem fotovoltaic Micro-Grid 14 kWp<\/a>\n\t\t\t\t<\/h3>\n\t\t\t<\/div>\n\t\t<\/div>\n\t<\/header>\n<\/article>\n\t\t\t\t\t\t\t\t\n<article id=\"post-26322\" class=\"wd-project portfolio-entry wd-col masonry-item portfolio-hover proj-cat-sisteme-fotovoltaice post-26322 portfolio type-portfolio status-publish has-post-thumbnail hentry project-cat-sisteme-fotovoltaice\">\n\t<header class=\"entry-header\">\n\t\t\t\t\t<figure class=\"entry-thumbnail color-scheme-light\">\n\t\t\t\t<a href=\"https:\/\/ecosolaris.ro\/portfolio\/sistem-fotovoltaic-monofazat-5-kwp\/\" class=\"portfolio-thumbnail\">\n\t\t\t\t\t<img width=\"1300\" height=\"731\" src=\"https:\/\/ecosolaris.ro\/wp-content\/uploads\/2025\/05\/panouri-fotovoltaice-bauer-ecosolaris-1300x731.jpeg\" class=\"attachment-large size-large\" alt=\"Sistemul a fost configurat \u021bin\u00e2nd cont de cerin\u021bele unui beneficiar care \u0219i-a dorit un nivel ridicat de autonomie fa\u021b\u0103 de re\u021bea, av\u00e2nd \u00een vedere instabilitatea curentului \u00een zona de locuit. Solu\u021bia aleas\u0103 include componente premium \u2013 panouri fotovoltaice Bauer, invertor Victron EasySolar, structur\u0103 de prindere K2 \u0219i un acumulator LiFePO4 Ecosolaris\" decoding=\"async\" srcset=\"https:\/\/ecosolaris.ro\/wp-content\/uploads\/2025\/05\/panouri-fotovoltaice-bauer-ecosolaris-1300x731.jpeg 1300w, https:\/\/ecosolaris.ro\/wp-content\/uploads\/2025\/05\/panouri-fotovoltaice-bauer-ecosolaris-400x225.jpeg 400w, https:\/\/ecosolaris.ro\/wp-content\/uploads\/2025\/05\/panouri-fotovoltaice-bauer-ecosolaris-768x432.jpeg 768w, https:\/\/ecosolaris.ro\/wp-content\/uploads\/2025\/05\/panouri-fotovoltaice-bauer-ecosolaris-1536x864.jpeg 1536w, https:\/\/ecosolaris.ro\/wp-content\/uploads\/2025\/05\/panouri-fotovoltaice-bauer-ecosolaris-700x394.jpeg 700w, https:\/\/ecosolaris.ro\/wp-content\/uploads\/2025\/05\/panouri-fotovoltaice-bauer-ecosolaris-150x84.jpeg 150w, https:\/\/ecosolaris.ro\/wp-content\/uploads\/2025\/05\/panouri-fotovoltaice-bauer-ecosolaris.jpeg 1600w\" sizes=\"(max-width: 1300px) 100vw, 1300px\" \/>\t\t\t\t<\/a>\n\t\t\t\t<div class=\"wd-portfolio-btns\">\n\t\t\t\t\t<div class=\"portfolio-enlarge wd-action-btn wd-style-icon wd-enlarge-icon wd-tltp wd-tltp-left\">\n\t\t\t\t\t\t<a href=\"https:\/\/ecosolaris.ro\/wp-content\/uploads\/2025\/05\/panouri-fotovoltaice-bauer-ecosolaris.jpeg\" data-elementor-open-lightbox=\"no\">View Large<\/a>\n\t\t\t\t\t<\/div>\n\t\t\t\t\t\t\t\t\t\t\t<div class=\"social-icons-wrapper wd-action-btn wd-style-icon wd-share-icon wd-tltp wd-tltp-left\">\n\t\t\t\t\t\t\t<a><\/a>\n\t\t\t\t\t\t\t<div class=\"wd-tooltip-label\">\n\t\t\t\t\t\t\t\t\n\t\t\t<div class=\" wd-social-icons icons-design-default icons-size-small color-scheme-light social-share social-form-circle text-center\">\n\n\t\t\t\t\n\t\t\t\t\t\t\t\t\t<a rel=\"noopener noreferrer nofollow\" href=\"https:\/\/www.facebook.com\/sharer\/sharer.php?u=https:\/\/ecosolaris.ro\/portfolio\/sistem-fotovoltaic-monofazat-5-kwp\/\" target=\"_blank\" class=\" wd-social-icon social-facebook\" aria-label=\"Facebook social link\">\n\t\t\t\t\t\t<span class=\"wd-icon\"><\/span>\n\t\t\t\t\t\t\t\t\t\t\t<\/a>\n\t\t\t\t\n\t\t\t\t\t\t\t\t\t<a rel=\"noopener noreferrer nofollow\" href=\"https:\/\/x.com\/share?url=https:\/\/ecosolaris.ro\/portfolio\/sistem-fotovoltaic-monofazat-5-kwp\/\" target=\"_blank\" class=\" wd-social-icon social-twitter\" aria-label=\"X social link\">\n\t\t\t\t\t\t<span class=\"wd-icon\"><\/span>\n\t\t\t\t\t\t\t\t\t\t\t<\/a>\n\t\t\t\t\n\t\t\t\t\n\t\t\t\t\n\t\t\t\t\n\t\t\t\t\t\t\t\t\t<a rel=\"noopener noreferrer nofollow\" href=\"https:\/\/pinterest.com\/pin\/create\/button\/?url=https:\/\/ecosolaris.ro\/portfolio\/sistem-fotovoltaic-monofazat-5-kwp\/&media=https:\/\/ecosolaris.ro\/wp-content\/uploads\/2025\/05\/panouri-fotovoltaice-bauer-ecosolaris.jpeg&description=Sistem+fotovoltaic+Monofazat+5+kWp\" target=\"_blank\" class=\" wd-social-icon social-pinterest\" aria-label=\"Pinterest social link\">\n\t\t\t\t\t\t<span class=\"wd-icon\"><\/span>\n\t\t\t\t\t\t\t\t\t\t\t<\/a>\n\t\t\t\t\n\t\t\t\t\n\t\t\t\t\t\t\t\t\t<a rel=\"noopener noreferrer nofollow\" href=\"https:\/\/www.linkedin.com\/shareArticle?mini=true&url=https:\/\/ecosolaris.ro\/portfolio\/sistem-fotovoltaic-monofazat-5-kwp\/\" target=\"_blank\" class=\" wd-social-icon social-linkedin\" aria-label=\"Linkedin social link\">\n\t\t\t\t\t\t<span class=\"wd-icon\"><\/span>\n\t\t\t\t\t\t\t\t\t\t\t<\/a>\n\t\t\t\t\n\t\t\t\t\n\t\t\t\t\n\t\t\t\t\n\t\t\t\t\n\t\t\t\t\n\t\t\t\t\n\t\t\t\t\n\t\t\t\t\n\t\t\t\t\n\t\t\t\t\t\t\t\t\n\t\t\t\t\t\t\t\t\n\t\t\t\t\n\t\t\t\t\n\t\t\t\t\t\t\t\t\t<a rel=\"noopener noreferrer nofollow\" href=\"https:\/\/telegram.me\/share\/url?url=https:\/\/ecosolaris.ro\/portfolio\/sistem-fotovoltaic-monofazat-5-kwp\/\" target=\"_blank\" class=\" wd-social-icon social-tg\" aria-label=\"Telegram social link\">\n\t\t\t\t\t\t<span class=\"wd-icon\"><\/span>\n\t\t\t\t\t\t\t\t\t\t\t<\/a>\n\t\t\t\t\t\t\t\t\n\t\t\t\t\n\t\t\t<\/div>\n\n\t\t\t\t\t\t\t\t\t<\/div>\n\t\t\t\t\t\t<\/div>\n\t\t\t\t\t\t\t\t\t<\/div>\n\t\t\t<\/figure>\n\t\t\n\t\t<div class=\"portfolio-info color-scheme-light\">\n\t\t\t\t\t\t\t<div class=\"wrap-meta\">\n\t\t\t\t\t<ul class=\"proj-cats-list\">\n\t\t\t\t\t\t\t\t\t\t\t\t\t\t\t\t\t\t\t\t<li>Sisteme Fotovoltaice<\/li>\n\t\t\t\t\t\t\t\t\t\t\t<\/ul>\n\t\t\t\t<\/div>\n\t\t\t\n\t\t\t<div class=\"wrap-title\">\n\t\t\t\t<h3 class=\"wd-entities-title\">\n\t\t\t\t\t<a href=\"https:\/\/ecosolaris.ro\/portfolio\/sistem-fotovoltaic-monofazat-5-kwp\/\" rel=\"bookmark\">Sistem fotovoltaic Monofazat 5 kWp<\/a>\n\t\t\t\t<\/h3>\n\t\t\t<\/div>\n\t\t<\/div>\n\t<\/header>\n<\/article>\n\t\t\t\t\t\t\t\t\n<article id=\"post-26169\" class=\"wd-project portfolio-entry wd-col masonry-item portfolio-hover proj-cat-sisteme-fotovoltaice post-26169 portfolio type-portfolio status-publish has-post-thumbnail hentry project-cat-sisteme-fotovoltaice\">\n\t<header class=\"entry-header\">\n\t\t\t\t\t<figure class=\"entry-thumbnail color-scheme-light\">\n\t\t\t\t<a href=\"https:\/\/ecosolaris.ro\/portfolio\/sistem-fotovoltaic-micro-grid-stocare-45-kwh-2\/\" class=\"portfolio-thumbnail\">\n\t\t\t\t\t<img width=\"1300\" height=\"731\" src=\"https:\/\/ecosolaris.ro\/wp-content\/uploads\/2025\/05\/acumulatori-lifepor-ecosolaris-1300x731.jpg\" class=\"attachment-large size-large\" alt=\"Un pas spre independen\u021b\u0103 energetic\u0103.\" decoding=\"async\" srcset=\"https:\/\/ecosolaris.ro\/wp-content\/uploads\/2025\/05\/acumulatori-lifepor-ecosolaris-1300x731.jpg 1300w, https:\/\/ecosolaris.ro\/wp-content\/uploads\/2025\/05\/acumulatori-lifepor-ecosolaris-400x225.jpg 400w, https:\/\/ecosolaris.ro\/wp-content\/uploads\/2025\/05\/acumulatori-lifepor-ecosolaris-768x432.jpg 768w, https:\/\/ecosolaris.ro\/wp-content\/uploads\/2025\/05\/acumulatori-lifepor-ecosolaris-1536x864.jpg 1536w, https:\/\/ecosolaris.ro\/wp-content\/uploads\/2025\/05\/acumulatori-lifepor-ecosolaris-2048x1152.jpg 2048w, https:\/\/ecosolaris.ro\/wp-content\/uploads\/2025\/05\/acumulatori-lifepor-ecosolaris-700x394.jpg 700w, https:\/\/ecosolaris.ro\/wp-content\/uploads\/2025\/05\/acumulatori-lifepor-ecosolaris-150x84.jpg 150w\" sizes=\"(max-width: 1300px) 100vw, 1300px\" \/>\t\t\t\t<\/a>\n\t\t\t\t<div class=\"wd-portfolio-btns\">\n\t\t\t\t\t<div class=\"portfolio-enlarge wd-action-btn wd-style-icon wd-enlarge-icon wd-tltp wd-tltp-left\">\n\t\t\t\t\t\t<a href=\"https:\/\/ecosolaris.ro\/wp-content\/uploads\/2025\/05\/acumulatori-lifepor-ecosolaris-scaled.jpg\" data-elementor-open-lightbox=\"no\">View Large<\/a>\n\t\t\t\t\t<\/div>\n\t\t\t\t\t\t\t\t\t\t\t<div class=\"social-icons-wrapper wd-action-btn wd-style-icon wd-share-icon wd-tltp wd-tltp-left\">\n\t\t\t\t\t\t\t<a><\/a>\n\t\t\t\t\t\t\t<div class=\"wd-tooltip-label\">\n\t\t\t\t\t\t\t\t\n\t\t\t<div class=\" wd-social-icons icons-design-default icons-size-small color-scheme-light social-share social-form-circle text-center\">\n\n\t\t\t\t\n\t\t\t\t\t\t\t\t\t<a rel=\"noopener noreferrer nofollow\" href=\"https:\/\/www.facebook.com\/sharer\/sharer.php?u=https:\/\/ecosolaris.ro\/portfolio\/sistem-fotovoltaic-micro-grid-stocare-45-kwh-2\/\" target=\"_blank\" class=\" wd-social-icon social-facebook\" aria-label=\"Facebook social link\">\n\t\t\t\t\t\t<span class=\"wd-icon\"><\/span>\n\t\t\t\t\t\t\t\t\t\t\t<\/a>\n\t\t\t\t\n\t\t\t\t\t\t\t\t\t<a rel=\"noopener noreferrer nofollow\" href=\"https:\/\/x.com\/share?url=https:\/\/ecosolaris.ro\/portfolio\/sistem-fotovoltaic-micro-grid-stocare-45-kwh-2\/\" target=\"_blank\" class=\" wd-social-icon social-twitter\" aria-label=\"X social link\">\n\t\t\t\t\t\t<span class=\"wd-icon\"><\/span>\n\t\t\t\t\t\t\t\t\t\t\t<\/a>\n\t\t\t\t\n\t\t\t\t\n\t\t\t\t\n\t\t\t\t\n\t\t\t\t\t\t\t\t\t<a rel=\"noopener noreferrer nofollow\" href=\"https:\/\/pinterest.com\/pin\/create\/button\/?url=https:\/\/ecosolaris.ro\/portfolio\/sistem-fotovoltaic-micro-grid-stocare-45-kwh-2\/&media=https:\/\/ecosolaris.ro\/wp-content\/uploads\/2025\/05\/acumulatori-lifepor-ecosolaris-scaled.jpg&description=Sistem+fotovoltaic+Micro-Grid+%26%238211%3B+stocare+45+kWh\" target=\"_blank\" class=\" wd-social-icon social-pinterest\" aria-label=\"Pinterest social link\">\n\t\t\t\t\t\t<span class=\"wd-icon\"><\/span>\n\t\t\t\t\t\t\t\t\t\t\t<\/a>\n\t\t\t\t\n\t\t\t\t\n\t\t\t\t\t\t\t\t\t<a rel=\"noopener noreferrer nofollow\" href=\"https:\/\/www.linkedin.com\/shareArticle?mini=true&url=https:\/\/ecosolaris.ro\/portfolio\/sistem-fotovoltaic-micro-grid-stocare-45-kwh-2\/\" target=\"_blank\" class=\" wd-social-icon social-linkedin\" aria-label=\"Linkedin social link\">\n\t\t\t\t\t\t<span class=\"wd-icon\"><\/span>\n\t\t\t\t\t\t\t\t\t\t\t<\/a>\n\t\t\t\t\n\t\t\t\t\n\t\t\t\t\n\t\t\t\t\n\t\t\t\t\n\t\t\t\t\n\t\t\t\t\n\t\t\t\t\n\t\t\t\t\n\t\t\t\t\n\t\t\t\t\t\t\t\t\n\t\t\t\t\t\t\t\t\n\t\t\t\t\n\t\t\t\t\n\t\t\t\t\t\t\t\t\t<a rel=\"noopener noreferrer nofollow\" href=\"https:\/\/telegram.me\/share\/url?url=https:\/\/ecosolaris.ro\/portfolio\/sistem-fotovoltaic-micro-grid-stocare-45-kwh-2\/\" target=\"_blank\" class=\" wd-social-icon social-tg\" aria-label=\"Telegram social link\">\n\t\t\t\t\t\t<span class=\"wd-icon\"><\/span>\n\t\t\t\t\t\t\t\t\t\t\t<\/a>\n\t\t\t\t\t\t\t\t\n\t\t\t\t\n\t\t\t<\/div>\n\n\t\t\t\t\t\t\t\t\t<\/div>\n\t\t\t\t\t\t<\/div>\n\t\t\t\t\t\t\t\t\t<\/div>\n\t\t\t<\/figure>\n\t\t\n\t\t<div class=\"portfolio-info color-scheme-light\">\n\t\t\t\t\t\t\t<div class=\"wrap-meta\">\n\t\t\t\t\t<ul class=\"proj-cats-list\">\n\t\t\t\t\t\t\t\t\t\t\t\t\t\t\t\t\t\t\t\t<li>Sisteme Fotovoltaice<\/li>\n\t\t\t\t\t\t\t\t\t\t\t<\/ul>\n\t\t\t\t<\/div>\n\t\t\t\n\t\t\t<div class=\"wrap-title\">\n\t\t\t\t<h3 class=\"wd-entities-title\">\n\t\t\t\t\t<a href=\"https:\/\/ecosolaris.ro\/portfolio\/sistem-fotovoltaic-micro-grid-stocare-45-kwh-2\/\" rel=\"bookmark\">Sistem fotovoltaic Micro-Grid &#8211; stocare 45 kWh<\/a>\n\t\t\t\t<\/h3>\n\t\t\t<\/div>\n\t\t<\/div>\n\t<\/header>\n<\/article>\n\t\t\t\t\t\t\t\t\n<article id=\"post-25762\" class=\"wd-project portfolio-entry wd-col masonry-item portfolio-hover proj-cat-sisteme-fotovoltaice post-25762 portfolio type-portfolio status-publish has-post-thumbnail hentry project-cat-sisteme-fotovoltaice\">\n\t<header class=\"entry-header\">\n\t\t\t\t\t<figure class=\"entry-thumbnail color-scheme-light\">\n\t\t\t\t<a href=\"https:\/\/ecosolaris.ro\/portfolio\/sistem-fotovoltaic-si-eolian-pe-un-velier\/\" class=\"portfolio-thumbnail\">\n\t\t\t\t\t<img width=\"1300\" height=\"732\" src=\"https:\/\/ecosolaris.ro\/wp-content\/uploads\/2025\/04\/sistem-fotovoltaic-velier-ecosolaris-1300x732.jpeg\" class=\"attachment-large size-large\" alt=\"Naviga\u021bia modern\u0103 implic\u0103 nu doar abilit\u0103\u021bi maritime, ci \u0219i acces constant la energie electric\u0103\" decoding=\"async\" srcset=\"https:\/\/ecosolaris.ro\/wp-content\/uploads\/2025\/04\/sistem-fotovoltaic-velier-ecosolaris-1300x732.jpeg 1300w, https:\/\/ecosolaris.ro\/wp-content\/uploads\/2025\/04\/sistem-fotovoltaic-velier-ecosolaris-400x225.jpeg 400w, https:\/\/ecosolaris.ro\/wp-content\/uploads\/2025\/04\/sistem-fotovoltaic-velier-ecosolaris-768x432.jpeg 768w, https:\/\/ecosolaris.ro\/wp-content\/uploads\/2025\/04\/sistem-fotovoltaic-velier-ecosolaris-1536x865.jpeg 1536w, https:\/\/ecosolaris.ro\/wp-content\/uploads\/2025\/04\/sistem-fotovoltaic-velier-ecosolaris-700x394.jpeg 700w, https:\/\/ecosolaris.ro\/wp-content\/uploads\/2025\/04\/sistem-fotovoltaic-velier-ecosolaris-150x84.jpeg 150w, https:\/\/ecosolaris.ro\/wp-content\/uploads\/2025\/04\/sistem-fotovoltaic-velier-ecosolaris.jpeg 2000w\" sizes=\"(max-width: 1300px) 100vw, 1300px\" \/>\t\t\t\t<\/a>\n\t\t\t\t<div class=\"wd-portfolio-btns\">\n\t\t\t\t\t<div class=\"portfolio-enlarge wd-action-btn wd-style-icon wd-enlarge-icon wd-tltp wd-tltp-left\">\n\t\t\t\t\t\t<a href=\"https:\/\/ecosolaris.ro\/wp-content\/uploads\/2025\/04\/sistem-fotovoltaic-velier-ecosolaris.jpeg\" data-elementor-open-lightbox=\"no\">View Large<\/a>\n\t\t\t\t\t<\/div>\n\t\t\t\t\t\t\t\t\t\t\t<div class=\"social-icons-wrapper wd-action-btn wd-style-icon wd-share-icon wd-tltp wd-tltp-left\">\n\t\t\t\t\t\t\t<a><\/a>\n\t\t\t\t\t\t\t<div class=\"wd-tooltip-label\">\n\t\t\t\t\t\t\t\t\n\t\t\t<div class=\" wd-social-icons icons-design-default icons-size-small color-scheme-light social-share social-form-circle text-center\">\n\n\t\t\t\t\n\t\t\t\t\t\t\t\t\t<a rel=\"noopener noreferrer nofollow\" href=\"https:\/\/www.facebook.com\/sharer\/sharer.php?u=https:\/\/ecosolaris.ro\/portfolio\/sistem-fotovoltaic-si-eolian-pe-un-velier\/\" target=\"_blank\" class=\" wd-social-icon social-facebook\" aria-label=\"Facebook social link\">\n\t\t\t\t\t\t<span class=\"wd-icon\"><\/span>\n\t\t\t\t\t\t\t\t\t\t\t<\/a>\n\t\t\t\t\n\t\t\t\t\t\t\t\t\t<a rel=\"noopener noreferrer nofollow\" href=\"https:\/\/x.com\/share?url=https:\/\/ecosolaris.ro\/portfolio\/sistem-fotovoltaic-si-eolian-pe-un-velier\/\" target=\"_blank\" class=\" wd-social-icon social-twitter\" aria-label=\"X social link\">\n\t\t\t\t\t\t<span class=\"wd-icon\"><\/span>\n\t\t\t\t\t\t\t\t\t\t\t<\/a>\n\t\t\t\t\n\t\t\t\t\n\t\t\t\t\n\t\t\t\t\n\t\t\t\t\t\t\t\t\t<a rel=\"noopener noreferrer nofollow\" href=\"https:\/\/pinterest.com\/pin\/create\/button\/?url=https:\/\/ecosolaris.ro\/portfolio\/sistem-fotovoltaic-si-eolian-pe-un-velier\/&media=https:\/\/ecosolaris.ro\/wp-content\/uploads\/2025\/04\/sistem-fotovoltaic-velier-ecosolaris.jpeg&description=Sistem+fotovoltaic+%C8%99i+eolian+pe+velier\" target=\"_blank\" class=\" wd-social-icon social-pinterest\" aria-label=\"Pinterest social link\">\n\t\t\t\t\t\t<span class=\"wd-icon\"><\/span>\n\t\t\t\t\t\t\t\t\t\t\t<\/a>\n\t\t\t\t\n\t\t\t\t\n\t\t\t\t\t\t\t\t\t<a rel=\"noopener noreferrer nofollow\" href=\"https:\/\/www.linkedin.com\/shareArticle?mini=true&url=https:\/\/ecosolaris.ro\/portfolio\/sistem-fotovoltaic-si-eolian-pe-un-velier\/\" target=\"_blank\" class=\" wd-social-icon social-linkedin\" aria-label=\"Linkedin social link\">\n\t\t\t\t\t\t<span class=\"wd-icon\"><\/span>\n\t\t\t\t\t\t\t\t\t\t\t<\/a>\n\t\t\t\t\n\t\t\t\t\n\t\t\t\t\n\t\t\t\t\n\t\t\t\t\n\t\t\t\t\n\t\t\t\t\n\t\t\t\t\n\t\t\t\t\n\t\t\t\t\n\t\t\t\t\t\t\t\t\n\t\t\t\t\t\t\t\t\n\t\t\t\t\n\t\t\t\t\n\t\t\t\t\t\t\t\t\t<a rel=\"noopener noreferrer nofollow\" href=\"https:\/\/telegram.me\/share\/url?url=https:\/\/ecosolaris.ro\/portfolio\/sistem-fotovoltaic-si-eolian-pe-un-velier\/\" target=\"_blank\" class=\" wd-social-icon social-tg\" aria-label=\"Telegram social link\">\n\t\t\t\t\t\t<span class=\"wd-icon\"><\/span>\n\t\t\t\t\t\t\t\t\t\t\t<\/a>\n\t\t\t\t\t\t\t\t\n\t\t\t\t\n\t\t\t<\/div>\n\n\t\t\t\t\t\t\t\t\t<\/div>\n\t\t\t\t\t\t<\/div>\n\t\t\t\t\t\t\t\t\t<\/div>\n\t\t\t<\/figure>\n\t\t\n\t\t<div class=\"portfolio-info color-scheme-light\">\n\t\t\t\t\t\t\t<div class=\"wrap-meta\">\n\t\t\t\t\t<ul class=\"proj-cats-list\">\n\t\t\t\t\t\t\t\t\t\t\t\t\t\t\t\t\t\t\t\t<li>Sisteme Fotovoltaice<\/li>\n\t\t\t\t\t\t\t\t\t\t\t<\/ul>\n\t\t\t\t<\/div>\n\t\t\t\n\t\t\t<div class=\"wrap-title\">\n\t\t\t\t<h3 class=\"wd-entities-title\">\n\t\t\t\t\t<a href=\"https:\/\/ecosolaris.ro\/portfolio\/sistem-fotovoltaic-si-eolian-pe-un-velier\/\" rel=\"bookmark\">Sistem fotovoltaic \u0219i eolian pe velier<\/a>\n\t\t\t\t<\/h3>\n\t\t\t<\/div>\n\t\t<\/div>\n\t<\/header>\n<\/article>\n\t\t\n\t\t\n\t\t\n\t\t\t\t\t","status":"have-posts","nextPage":"https:\/\/ecosolaris.ro\/project-cat\/sisteme-fotovoltaice\/page\/6\/?woo_ajax=1","currentPage":"https:\/\/ecosolaris.ro\/project-cat\/sisteme-fotovoltaice\/page\/5"}